{"id":3580,"date":"2025-08-19T04:11:53","date_gmt":"2025-08-19T02:11:53","guid":{"rendered":"https:\/\/unitedinaction.eu\/?p=3580"},"modified":"2026-04-01T22:21:45","modified_gmt":"2026-04-01T20:21:45","slug":"trip-to-the-wieliczka-salt-mine","status":"publish","type":"post","link":"https:\/\/unitedinaction.eu\/pl\/2025\/08\/19\/trip-to-the-wieliczka-salt-mine\/","title":{"rendered":"Wycieczka do kopalni soli w Wieliczce"},"content":{"rendered":"<p>Wolontariusze mieli okazj\u0119 odwiedzi\u0107 jedno z najbardziej wyj\u0105tkowych miejsc w Polsce \u2013<strong>&nbsp;Kopalnia soli w Wieliczce<\/strong>, wpisane na List\u0119 \u015awiatowego Dziedzictwa UNESCO. To niezwyk\u0142e miejsce, kt\u00f3rego historia si\u0119ga XIII wieku, od lat zachwyca turyst\u00f3w z ca\u0142ego \u015bwiata swoim pi\u0119knem i tajemnicz\u0105 atmosfer\u0105 podziemnych korytarzy.<\/p>\n\n\n\n<p>Podczas wycieczki uczestnicy zeszli kilkaset metr\u00f3w pod ziemi\u0119, przemierzaj\u0105c labirynt korytarzy i kom\u00f3r. Ka\u017cdy etap trasy przedstawia\u0142 inny okres w historii kopalni \u2013 od pocz\u0105tk\u00f3w wydobycia soli, przez \u015bredniowieczne techniki g\u00f3rnicze, a\u017c po czasy nowo\u017cytne. Liczne ekspozycje prezentowa\u0142y stare narz\u0119dzia i maszyny g\u00f3rnicze, makiety oraz rekonstrukcje ilustruj\u0105ce codzienne \u017cycie i ci\u0119\u017ck\u0105 prac\u0119 g\u00f3rnik\u00f3w.<\/p>\n\n\n\n<p>Najwi\u0119ksz\u0105 atrakcj\u0105 wizyty by\u0142y podziemne kaplice,&nbsp;<strong>z kt\u00f3rych najbardziej znan\u0105 jest kaplica \u015bw. Kingi<\/strong>&nbsp;\u2013 monumentalna sala w ca\u0142o\u015bci wykuta w soli, ozdobiona pi\u0119knymi \u017cyrandolami, rze\u017abami i p\u0142askorze\u017abami. Uwa\u017cana jest za jedn\u0105 z najpi\u0119kniejszych podziemnych \u015bwi\u0105ty\u0144 na \u015bwiecie i stanowi serce kopalni w Wieliczce.<\/p>\n\n\n\n<p>Po drodze grupa zwiedzi\u0142a r\u00f3wnie\u017c inne niezwyk\u0142e komory, takie jak Komora Micha\u0142owicka, w kt\u00f3rej znajduje si\u0119 imponuj\u0105ca drewniana konstrukcja o wysoko\u015bci kilku metr\u00f3w, oraz Komora Weimarska z jednym z podziemnych jezior, kt\u00f3rego turkusowe wody tworz\u0105 magiczn\u0105 atmosfer\u0119. Do niezapomnianych atrakcji wycieczki nale\u017ca\u0142y r\u00f3wnie\u017c wystawy multimedialne oraz ekspozycje rze\u017ab solnych i dzie\u0142 sztuki, pokazuj\u0105ce, jak podziemia Wieliczki \u0142\u0105cz\u0105 histori\u0119, kultur\u0119 i przyrod\u0119 w jedn\u0105 sp\u00f3jn\u0105 ca\u0142o\u015b\u0107.<\/p>\n\n\n\n<p>Wycieczka zako\u0144czy\u0142a si\u0119 wsp\u00f3lnym obiadem.<\/p>\n\n\n\n<figure class=\"wp-block-image\"><img decoding=\"async\" src=\"https:\/\/wsb.edu.pl\/files\/\/news\/14251\/img_20250827_wa0008.jpg\" alt=\"\"\/><\/figure>\n\n\n\n<div class=\"wp-block-columns is-layout-flex wp-container-core-columns-is-layout-28f84493 wp-block-columns-is-layout-flex\">\n<div class=\"wp-block-column is-layout-flow wp-block-column-is-layout-flow\">\n<div class=\"wp-block-columns is-layout-flex wp-container-core-columns-is-layout-28f84493 wp-block-columns-is-layout-flex\">\n<div class=\"wp-block-column is-layout-flow wp-block-column-is-layout-flow\">\n<figure class=\"wp-block-image\"><img decoding=\"async\" src=\"https:\/\/wsb.edu.pl\/files\/\/articles\/2155\/cel_4_1.jpg\" alt=\"Cel 4: Zapewni\u0107 wszystkim edukacj\u0119 wysokiej jako\u015bci oraz promowa\u0107 uczenie si\u0119 przez ca\u0142e \u017cycie\"\/><\/figure>\n<\/div>\n\n\n\n<div class=\"wp-block-column is-layout-flow wp-block-column-is-layout-flow\">\n<figure class=\"wp-block-image\"><img decoding=\"async\" src=\"https:\/\/wsb.edu.pl\/files\/\/articles\/2155\/cel_8_1.jpg\" alt=\"Cel 8: Promowa\u0107 stabilny, zr\u00f3wnowa\u017cony i\u00a0inkluzywny wzrost gospodarczy, pe\u0142ne i\u00a0produktywne zatrudnienie oraz godn\u0105 prac\u0119 dla wszystkich ludzi\"\/><\/figure>\n<\/div>\n<\/div>\n<\/div>\n\n\n\n<div class=\"wp-block-column is-layout-flow wp-block-column-is-layout-flow\">\n<div class=\"wp-block-columns is-layout-flex wp-container-core-columns-is-layout-28f84493 wp-block-columns-is-layout-flex\">\n<div class=\"wp-block-column is-layout-flow wp-block-column-is-layout-flow\">\n<figure class=\"wp-block-image\"><img decoding=\"async\" src=\"https:\/\/wsb.edu.pl\/files\/\/articles\/2155\/cel_9_1.jpg\" alt=\"Cel 9: Budowa\u0107 stabiln\u0105 infrastruktur\u0119, promowa\u0107 zr\u00f3wnowa\u017cone uprzemys\u0142owienie oraz wspiera\u0107 innowacyjno\u015b\u0107\"\/><\/figure>\n<\/div>\n\n\n\n<div class=\"wp-block-column is-layout-flow wp-block-column-is-layout-flow\">\n<figure class=\"wp-block-image\"><img decoding=\"async\" src=\"https:\/\/wsb.edu.pl\/files\/\/articles\/2155\/cel_11_1.jpg\" alt=\"Cel 11: Uczyni\u0107 miasta i\u00a0osiedla ludzkie bezpiecznymi, stabilnymi, zr\u00f3wnowa\u017conymi oraz sprzyjaj\u0105cymi w\u0142\u0105czeniu spo\u0142ecznemu\"\/><\/figure>\n<\/div>\n<\/div>\n<\/div>\n\n\n\n<div class=\"wp-block-column is-layout-flow wp-block-column-is-layout-flow\">\n<div class=\"wp-block-columns is-layout-flex wp-container-core-columns-is-layout-28f84493 wp-block-columns-is-layout-flex\">\n<div class=\"wp-block-column is-layout-flow wp-block-column-is-layout-flow\">\n<figure class=\"wp-block-image\"><img decoding=\"async\" src=\"https:\/\/wsb.edu.pl\/files\/\/articles\/2155\/cel_12_1.jpg\" alt=\"Cel 12: Zapewni\u0107 wzorce zr\u00f3wnowa\u017conej konsumpcji i\u00a0produkcji\"\/><\/figure>\n<\/div>\n\n\n\n<div class=\"wp-block-column is-layout-flow wp-block-column-is-layout-flow\">\n<figure class=\"wp-block-image\"><img decoding=\"async\" src=\"https:\/\/wsb.edu.pl\/files\/\/articles\/2155\/cel_17_1.jpg\" alt=\"Cel 17: Wzmocni\u0107 \u015brodki wdra\u017cania i\u00a0o\u017cywi\u0107 globalne partnerstwo na\u00a0rzecz zr\u00f3wnowa\u017conego rozwoju\"\/><\/figure>\n<\/div>\n<\/div>\n<\/div>\n<\/div>\n\n\n\n<hr class=\"wp-block-separator has-alpha-channel-opacity is-style-wide\"\/>\n\n\n\n<figure class=\"wp-block-image size-large\"><img loading=\"lazy\" decoding=\"async\" width=\"1024\" height=\"97\" src=\"https:\/\/unitedinaction.eu\/wp-content\/uploads\/2026\/03\/belka-EKS-1024x97.png\" alt=\"\" class=\"wp-image-3545\" srcset=\"https:\/\/unitedinaction.eu\/wp-content\/uploads\/2026\/03\/belka-EKS-1024x97.png 1024w, https:\/\/unitedinaction.eu\/wp-content\/uploads\/2026\/03\/belka-EKS-300x28.png 300w, https:\/\/unitedinaction.eu\/wp-content\/uploads\/2026\/03\/belka-EKS-768x73.png 768w, https:\/\/unitedinaction.eu\/wp-content\/uploads\/2026\/03\/belka-EKS-1536x146.png 1536w, https:\/\/unitedinaction.eu\/wp-content\/uploads\/2026\/03\/belka-EKS-18x2.png 18w, https:\/\/unitedinaction.eu\/wp-content\/uploads\/2026\/03\/belka-EKS.png 1979w\" sizes=\"auto, (max-width: 1024px) 100vw, 1024px\" \/><\/figure>\n\n\n\n<p><\/p>","protected":false},"excerpt":{"rendered":"<p>The volunteers had the opportunity to visit one of the most unique places in Poland \u2013&nbsp;the Wieliczka Salt Mine, inscribed on the UNESCO World Heritage List. This extraordinary site, whose history dates back to the 13th century, has been astonishing visitors from all over the world for years with its beauty and the mysterious atmosphere [&hellip;]<\/p>\n","protected":false},"author":1,"featured_media":3625,"comment_status":"open","ping_status":"open","sticky":false,"template":"","format":"standard","meta":{"footnotes":""},"categories":[32],"tags":[],"class_list":["post-3580","post","type-post","status-publish","format-standard","has-post-thumbnail","hentry","category-news"],"blocksy_meta":[],"yoast_head":"<!-- This site is optimized with the Yoast SEO plugin v27.3 - https:\/\/yoast.com\/product\/yoast-seo-wordpress\/ -->\n<title>Trip to the Wieliczka Salt Mine - UNITED IN ACTION<\/title>\n<meta name=\"robots\" content=\"noindex, follow\" \/>\n<meta property=\"og:locale\" content=\"pl_PL\" \/>\n<meta property=\"og:type\" content=\"article\" \/>\n<meta property=\"og:title\" content=\"Trip to the Wieliczka Salt Mine - UNITED IN ACTION\" \/>\n<meta property=\"og:description\" content=\"The volunteers had the opportunity to visit one of the most unique places in Poland \u2013&nbsp;the Wieliczka Salt Mine, inscribed on the UNESCO World Heritage List. This extraordinary site, whose history dates back to the 13th century, has been astonishing visitors from all over the world for years with its beauty and the mysterious atmosphere [&hellip;]\" \/>\n<meta property=\"og:url\" content=\"https:\/\/unitedinaction.eu\/pl\/2025\/08\/19\/trip-to-the-wieliczka-salt-mine\/\" \/>\n<meta property=\"og:site_name\" content=\"UNITED IN ACTION\" \/>\n<meta property=\"article:published_time\" content=\"2025-08-19T02:11:53+00:00\" \/>\n<meta property=\"article:modified_time\" content=\"2026-04-01T20:21:45+00:00\" \/>\n<meta property=\"og:image\" content=\"https:\/\/unitedinaction.eu\/wp-content\/uploads\/2025\/08\/img_20250827_wa0008-scaled.jpg\" \/>\n\t<meta property=\"og:image:width\" content=\"1920\" \/>\n\t<meta property=\"og:image:height\" content=\"2560\" \/>\n\t<meta property=\"og:image:type\" content=\"image\/jpeg\" \/>\n<meta name=\"author\" content=\"kacper\" \/>\n<meta name=\"twitter:card\" content=\"summary_large_image\" \/>\n<meta name=\"twitter:label1\" content=\"Napisane przez\" \/>\n\t<meta name=\"twitter:data1\" content=\"kacper\" \/>\n\t<meta name=\"twitter:label2\" content=\"Szacowany czas czytania\" \/>\n\t<meta name=\"twitter:data2\" content=\"4 minuty\" \/>\n<script type=\"application\/ld+json\" class=\"yoast-schema-graph\">{\"@context\":\"https:\\\/\\\/schema.org\",\"@graph\":[{\"@type\":\"Article\",\"@id\":\"https:\\\/\\\/unitedinaction.eu\\\/2025\\\/08\\\/19\\\/trip-to-the-wieliczka-salt-mine\\\/#article\",\"isPartOf\":{\"@id\":\"https:\\\/\\\/unitedinaction.eu\\\/2025\\\/08\\\/19\\\/trip-to-the-wieliczka-salt-mine\\\/\"},\"author\":{\"name\":\"kacper\",\"@id\":\"https:\\\/\\\/unitedinaction.eu\\\/#\\\/schema\\\/person\\\/35c37c710100894fd59b3d2cfc5bd487\"},\"headline\":\"Trip to the Wieliczka Salt Mine\",\"datePublished\":\"2025-08-19T02:11:53+00:00\",\"dateModified\":\"2026-04-01T20:21:45+00:00\",\"mainEntityOfPage\":{\"@id\":\"https:\\\/\\\/unitedinaction.eu\\\/2025\\\/08\\\/19\\\/trip-to-the-wieliczka-salt-mine\\\/\"},\"wordCount\":272,\"commentCount\":0,\"publisher\":{\"@id\":\"https:\\\/\\\/unitedinaction.eu\\\/#organization\"},\"image\":{\"@id\":\"https:\\\/\\\/unitedinaction.eu\\\/2025\\\/08\\\/19\\\/trip-to-the-wieliczka-salt-mine\\\/#primaryimage\"},\"thumbnailUrl\":\"https:\\\/\\\/unitedinaction.eu\\\/wp-content\\\/uploads\\\/2025\\\/08\\\/img_20250827_wa0008-scaled.jpg\",\"articleSection\":[\"News\"],\"inLanguage\":\"pl-PL\",\"potentialAction\":[{\"@type\":\"CommentAction\",\"name\":\"Comment\",\"target\":[\"https:\\\/\\\/unitedinaction.eu\\\/2025\\\/08\\\/19\\\/trip-to-the-wieliczka-salt-mine\\\/#respond\"]}]},{\"@type\":\"WebPage\",\"@id\":\"https:\\\/\\\/unitedinaction.eu\\\/2025\\\/08\\\/19\\\/trip-to-the-wieliczka-salt-mine\\\/\",\"url\":\"https:\\\/\\\/unitedinaction.eu\\\/2025\\\/08\\\/19\\\/trip-to-the-wieliczka-salt-mine\\\/\",\"name\":\"Trip to the Wieliczka Salt Mine - UNITED IN ACTION\",\"isPartOf\":{\"@id\":\"https:\\\/\\\/unitedinaction.eu\\\/#website\"},\"primaryImageOfPage\":{\"@id\":\"https:\\\/\\\/unitedinaction.eu\\\/2025\\\/08\\\/19\\\/trip-to-the-wieliczka-salt-mine\\\/#primaryimage\"},\"image\":{\"@id\":\"https:\\\/\\\/unitedinaction.eu\\\/2025\\\/08\\\/19\\\/trip-to-the-wieliczka-salt-mine\\\/#primaryimage\"},\"thumbnailUrl\":\"https:\\\/\\\/unitedinaction.eu\\\/wp-content\\\/uploads\\\/2025\\\/08\\\/img_20250827_wa0008-scaled.jpg\",\"datePublished\":\"2025-08-19T02:11:53+00:00\",\"dateModified\":\"2026-04-01T20:21:45+00:00\",\"breadcrumb\":{\"@id\":\"https:\\\/\\\/unitedinaction.eu\\\/2025\\\/08\\\/19\\\/trip-to-the-wieliczka-salt-mine\\\/#breadcrumb\"},\"inLanguage\":\"pl-PL\",\"potentialAction\":[{\"@type\":\"ReadAction\",\"target\":[\"https:\\\/\\\/unitedinaction.eu\\\/2025\\\/08\\\/19\\\/trip-to-the-wieliczka-salt-mine\\\/\"]}]},{\"@type\":\"ImageObject\",\"inLanguage\":\"pl-PL\",\"@id\":\"https:\\\/\\\/unitedinaction.eu\\\/2025\\\/08\\\/19\\\/trip-to-the-wieliczka-salt-mine\\\/#primaryimage\",\"url\":\"https:\\\/\\\/unitedinaction.eu\\\/wp-content\\\/uploads\\\/2025\\\/08\\\/img_20250827_wa0008-scaled.jpg\",\"contentUrl\":\"https:\\\/\\\/unitedinaction.eu\\\/wp-content\\\/uploads\\\/2025\\\/08\\\/img_20250827_wa0008-scaled.jpg\",\"width\":1920,\"height\":2560},{\"@type\":\"BreadcrumbList\",\"@id\":\"https:\\\/\\\/unitedinaction.eu\\\/2025\\\/08\\\/19\\\/trip-to-the-wieliczka-salt-mine\\\/#breadcrumb\",\"itemListElement\":[{\"@type\":\"ListItem\",\"position\":1,\"name\":\"Strona g\u0142\u00f3wna\",\"item\":\"https:\\\/\\\/unitedinaction.eu\\\/\"},{\"@type\":\"ListItem\",\"position\":2,\"name\":\"Trip to the Wieliczka Salt Mine\"}]},{\"@type\":\"WebSite\",\"@id\":\"https:\\\/\\\/unitedinaction.eu\\\/#website\",\"url\":\"https:\\\/\\\/unitedinaction.eu\\\/\",\"name\":\"UNITED IN ACTION\",\"description\":\"\",\"publisher\":{\"@id\":\"https:\\\/\\\/unitedinaction.eu\\\/#organization\"},\"potentialAction\":[{\"@type\":\"SearchAction\",\"target\":{\"@type\":\"EntryPoint\",\"urlTemplate\":\"https:\\\/\\\/unitedinaction.eu\\\/?s={search_term_string}\"},\"query-input\":{\"@type\":\"PropertyValueSpecification\",\"valueRequired\":true,\"valueName\":\"search_term_string\"}}],\"inLanguage\":\"pl-PL\"},{\"@type\":\"Organization\",\"@id\":\"https:\\\/\\\/unitedinaction.eu\\\/#organization\",\"name\":\"UNITED IN ACTION\",\"url\":\"https:\\\/\\\/unitedinaction.eu\\\/\",\"logo\":{\"@type\":\"ImageObject\",\"inLanguage\":\"pl-PL\",\"@id\":\"https:\\\/\\\/unitedinaction.eu\\\/#\\\/schema\\\/logo\\\/image\\\/\",\"url\":\"https:\\\/\\\/unitedinaction.eu\\\/wp-content\\\/uploads\\\/2026\\\/01\\\/LogoUnitedInAction.png\",\"contentUrl\":\"https:\\\/\\\/unitedinaction.eu\\\/wp-content\\\/uploads\\\/2026\\\/01\\\/LogoUnitedInAction.png\",\"width\":2000,\"height\":800,\"caption\":\"UNITED IN ACTION\"},\"image\":{\"@id\":\"https:\\\/\\\/unitedinaction.eu\\\/#\\\/schema\\\/logo\\\/image\\\/\"}},{\"@type\":\"Person\",\"@id\":\"https:\\\/\\\/unitedinaction.eu\\\/#\\\/schema\\\/person\\\/35c37c710100894fd59b3d2cfc5bd487\",\"name\":\"kacper\",\"image\":{\"@type\":\"ImageObject\",\"inLanguage\":\"pl-PL\",\"@id\":\"https:\\\/\\\/secure.gravatar.com\\\/avatar\\\/e76e9ade2075cb9a4eadb141a50d723f8e687e0e8d4d74bda8a7beca2001c6b3?s=96&d=mm&r=g\",\"url\":\"https:\\\/\\\/secure.gravatar.com\\\/avatar\\\/e76e9ade2075cb9a4eadb141a50d723f8e687e0e8d4d74bda8a7beca2001c6b3?s=96&d=mm&r=g\",\"contentUrl\":\"https:\\\/\\\/secure.gravatar.com\\\/avatar\\\/e76e9ade2075cb9a4eadb141a50d723f8e687e0e8d4d74bda8a7beca2001c6b3?s=96&d=mm&r=g\",\"caption\":\"kacper\"},\"sameAs\":[\"https:\\\/\\\/darkslategray-grasshopper-506783.hostingersite.com\"],\"url\":\"https:\\\/\\\/unitedinaction.eu\\\/pl\\\/author\\\/kacper\\\/\"}]}<\/script>\n<!-- \/ Yoast SEO plugin. -->","yoast_head_json":{"title":"Trip to the Wieliczka Salt Mine - UNITED IN ACTION","robots":{"index":"noindex","follow":"follow"},"og_locale":"pl_PL","og_type":"article","og_title":"Trip to the Wieliczka Salt Mine - UNITED IN ACTION","og_description":"The volunteers had the opportunity to visit one of the most unique places in Poland \u2013&nbsp;the Wieliczka Salt Mine, inscribed on the UNESCO World Heritage List. This extraordinary site, whose history dates back to the 13th century, has been astonishing visitors from all over the world for years with its beauty and the mysterious atmosphere [&hellip;]","og_url":"https:\/\/unitedinaction.eu\/pl\/2025\/08\/19\/trip-to-the-wieliczka-salt-mine\/","og_site_name":"UNITED IN ACTION","article_published_time":"2025-08-19T02:11:53+00:00","article_modified_time":"2026-04-01T20:21:45+00:00","og_image":[{"width":1920,"height":2560,"url":"https:\/\/unitedinaction.eu\/wp-content\/uploads\/2025\/08\/img_20250827_wa0008-scaled.jpg","type":"image\/jpeg"}],"author":"kacper","twitter_card":"summary_large_image","twitter_misc":{"Napisane przez":"kacper","Szacowany czas czytania":"4 minuty"},"schema":{"@context":"https:\/\/schema.org","@graph":[{"@type":"Article","@id":"https:\/\/unitedinaction.eu\/2025\/08\/19\/trip-to-the-wieliczka-salt-mine\/#article","isPartOf":{"@id":"https:\/\/unitedinaction.eu\/2025\/08\/19\/trip-to-the-wieliczka-salt-mine\/"},"author":{"name":"kacper","@id":"https:\/\/unitedinaction.eu\/#\/schema\/person\/35c37c710100894fd59b3d2cfc5bd487"},"headline":"Trip to the Wieliczka Salt Mine","datePublished":"2025-08-19T02:11:53+00:00","dateModified":"2026-04-01T20:21:45+00:00","mainEntityOfPage":{"@id":"https:\/\/unitedinaction.eu\/2025\/08\/19\/trip-to-the-wieliczka-salt-mine\/"},"wordCount":272,"commentCount":0,"publisher":{"@id":"https:\/\/unitedinaction.eu\/#organization"},"image":{"@id":"https:\/\/unitedinaction.eu\/2025\/08\/19\/trip-to-the-wieliczka-salt-mine\/#primaryimage"},"thumbnailUrl":"https:\/\/unitedinaction.eu\/wp-content\/uploads\/2025\/08\/img_20250827_wa0008-scaled.jpg","articleSection":["News"],"inLanguage":"pl-PL","potentialAction":[{"@type":"CommentAction","name":"Comment","target":["https:\/\/unitedinaction.eu\/2025\/08\/19\/trip-to-the-wieliczka-salt-mine\/#respond"]}]},{"@type":"WebPage","@id":"https:\/\/unitedinaction.eu\/2025\/08\/19\/trip-to-the-wieliczka-salt-mine\/","url":"https:\/\/unitedinaction.eu\/2025\/08\/19\/trip-to-the-wieliczka-salt-mine\/","name":"Trip to the Wieliczka Salt Mine - UNITED IN ACTION","isPartOf":{"@id":"https:\/\/unitedinaction.eu\/#website"},"primaryImageOfPage":{"@id":"https:\/\/unitedinaction.eu\/2025\/08\/19\/trip-to-the-wieliczka-salt-mine\/#primaryimage"},"image":{"@id":"https:\/\/unitedinaction.eu\/2025\/08\/19\/trip-to-the-wieliczka-salt-mine\/#primaryimage"},"thumbnailUrl":"https:\/\/unitedinaction.eu\/wp-content\/uploads\/2025\/08\/img_20250827_wa0008-scaled.jpg","datePublished":"2025-08-19T02:11:53+00:00","dateModified":"2026-04-01T20:21:45+00:00","breadcrumb":{"@id":"https:\/\/unitedinaction.eu\/2025\/08\/19\/trip-to-the-wieliczka-salt-mine\/#breadcrumb"},"inLanguage":"pl-PL","potentialAction":[{"@type":"ReadAction","target":["https:\/\/unitedinaction.eu\/2025\/08\/19\/trip-to-the-wieliczka-salt-mine\/"]}]},{"@type":"ImageObject","inLanguage":"pl-PL","@id":"https:\/\/unitedinaction.eu\/2025\/08\/19\/trip-to-the-wieliczka-salt-mine\/#primaryimage","url":"https:\/\/unitedinaction.eu\/wp-content\/uploads\/2025\/08\/img_20250827_wa0008-scaled.jpg","contentUrl":"https:\/\/unitedinaction.eu\/wp-content\/uploads\/2025\/08\/img_20250827_wa0008-scaled.jpg","width":1920,"height":2560},{"@type":"BreadcrumbList","@id":"https:\/\/unitedinaction.eu\/2025\/08\/19\/trip-to-the-wieliczka-salt-mine\/#breadcrumb","itemListElement":[{"@type":"ListItem","position":1,"name":"Strona g\u0142\u00f3wna","item":"https:\/\/unitedinaction.eu\/"},{"@type":"ListItem","position":2,"name":"Trip to the Wieliczka Salt Mine"}]},{"@type":"WebSite","@id":"https:\/\/unitedinaction.eu\/#website","url":"https:\/\/unitedinaction.eu\/","name":"UNITED IN ACTION","description":"","publisher":{"@id":"https:\/\/unitedinaction.eu\/#organization"},"potentialAction":[{"@type":"SearchAction","target":{"@type":"EntryPoint","urlTemplate":"https:\/\/unitedinaction.eu\/?s={search_term_string}"},"query-input":{"@type":"PropertyValueSpecification","valueRequired":true,"valueName":"search_term_string"}}],"inLanguage":"pl-PL"},{"@type":"Organization","@id":"https:\/\/unitedinaction.eu\/#organization","name":"UNITED IN ACTION","url":"https:\/\/unitedinaction.eu\/","logo":{"@type":"ImageObject","inLanguage":"pl-PL","@id":"https:\/\/unitedinaction.eu\/#\/schema\/logo\/image\/","url":"https:\/\/unitedinaction.eu\/wp-content\/uploads\/2026\/01\/LogoUnitedInAction.png","contentUrl":"https:\/\/unitedinaction.eu\/wp-content\/uploads\/2026\/01\/LogoUnitedInAction.png","width":2000,"height":800,"caption":"UNITED IN ACTION"},"image":{"@id":"https:\/\/unitedinaction.eu\/#\/schema\/logo\/image\/"}},{"@type":"Person","@id":"https:\/\/unitedinaction.eu\/#\/schema\/person\/35c37c710100894fd59b3d2cfc5bd487","name":"kacper","image":{"@type":"ImageObject","inLanguage":"pl-PL","@id":"https:\/\/secure.gravatar.com\/avatar\/e76e9ade2075cb9a4eadb141a50d723f8e687e0e8d4d74bda8a7beca2001c6b3?s=96&d=mm&r=g","url":"https:\/\/secure.gravatar.com\/avatar\/e76e9ade2075cb9a4eadb141a50d723f8e687e0e8d4d74bda8a7beca2001c6b3?s=96&d=mm&r=g","contentUrl":"https:\/\/secure.gravatar.com\/avatar\/e76e9ade2075cb9a4eadb141a50d723f8e687e0e8d4d74bda8a7beca2001c6b3?s=96&d=mm&r=g","caption":"kacper"},"sameAs":["https:\/\/darkslategray-grasshopper-506783.hostingersite.com"],"url":"https:\/\/unitedinaction.eu\/pl\/author\/kacper\/"}]}},"_links":{"self":[{"href":"https:\/\/unitedinaction.eu\/pl\/wp-json\/wp\/v2\/posts\/3580","targetHints":{"allow":["GET"]}}],"collection":[{"href":"https:\/\/unitedinaction.eu\/pl\/wp-json\/wp\/v2\/posts"}],"about":[{"href":"https:\/\/unitedinaction.eu\/pl\/wp-json\/wp\/v2\/types\/post"}],"author":[{"embeddable":true,"href":"https:\/\/unitedinaction.eu\/pl\/wp-json\/wp\/v2\/users\/1"}],"replies":[{"embeddable":true,"href":"https:\/\/unitedinaction.eu\/pl\/wp-json\/wp\/v2\/comments?post=3580"}],"version-history":[{"count":6,"href":"https:\/\/unitedinaction.eu\/pl\/wp-json\/wp\/v2\/posts\/3580\/revisions"}],"predecessor-version":[{"id":3826,"href":"https:\/\/unitedinaction.eu\/pl\/wp-json\/wp\/v2\/posts\/3580\/revisions\/3826"}],"wp:featuredmedia":[{"embeddable":true,"href":"https:\/\/unitedinaction.eu\/pl\/wp-json\/wp\/v2\/media\/3625"}],"wp:attachment":[{"href":"https:\/\/unitedinaction.eu\/pl\/wp-json\/wp\/v2\/media?parent=3580"}],"wp:term":[{"taxonomy":"category","embeddable":true,"href":"https:\/\/unitedinaction.eu\/pl\/wp-json\/wp\/v2\/categories?post=3580"},{"taxonomy":"post_tag","embeddable":true,"href":"https:\/\/unitedinaction.eu\/pl\/wp-json\/wp\/v2\/tags?post=3580"}],"curies":[{"name":"wp","href":"https:\/\/api.w.org\/{rel}","templated":true}]}}