{"id":3574,"date":"2025-11-28T04:06:40","date_gmt":"2025-11-28T03:06:40","guid":{"rendered":"https:\/\/unitedinaction.eu\/?p=3574"},"modified":"2026-04-01T22:25:40","modified_gmt":"2026-04-01T20:25:40","slug":"cultural-workshops-with-students-romanian-and-french","status":"publish","type":"post","link":"https:\/\/unitedinaction.eu\/pl\/2025\/11\/28\/cultural-workshops-with-students-romanian-and-french\/","title":{"rendered":"Warsztaty kulturowe ze studentami: Rumu\u0144ski i Francuski"},"content":{"rendered":"<p>Wolontariusze mieli za zadanie poprowadzi\u0107 warsztaty kulturowe dla uczni\u00f3w, aby zaprezentowa\u0107 swoj\u0105 kultur\u0119 i kraje pochodzenia \u2013 Francj\u0119 i Rumuni\u0119. Podczas warsztat\u00f3w dzielili si\u0119 opowie\u015bciami, tradycjami i drobnymi szczeg\u00f3\u0142ami, kt\u00f3re najlepiej oddaj\u0105 charakter miejsc, z kt\u00f3rych pochodz\u0105. Z ka\u017cd\u0105 kolejn\u0105 prezentacj\u0105 nabierali coraz wi\u0119kszej pewno\u015bci siebie i coraz bardziej cieszyli si\u0119 z mo\u017cliwo\u015bci opowiadania o swojej to\u017csamo\u015bci. Uczniowie zadawali pytania, kt\u00f3re sk\u0142ania\u0142y wolontariuszy do spojrzenia na w\u0142asn\u0105 kultur\u0119 z zupe\u0142nie nowej perspektywy. Sami wolontariusze r\u00f3wnie\u017c wiele si\u0119 nauczyli, obserwuj\u0105c, jak m\u0142odzi ludzie postrzegaj\u0105 ich kraje i tradycje. Ka\u017cda klasa mia\u0142a swoj\u0105 niepowtarzaln\u0105 energi\u0119, a wolontariusze z rado\u015bci\u0105 dostosowywali si\u0119 do ka\u017cdej grupy.<\/p>\n\n\n\n<p>W ci\u0105gu tygodnia sp\u0119dzonego na prowadzeniu warsztat\u00f3w wolontariusze poznali r\u00f3wnie\u017c kilku naprawd\u0119 wyj\u0105tkowych nauczycieli, z kt\u00f3rymi szybko nawi\u0105zali \u015bwietny kontakt. W kolejnych dniach rozmawiali, \u015bmiali si\u0119 i dzielili si\u0119 opowie\u015bciami, co sprawi\u0142o, \u017ce ca\u0142e to do\u015bwiadczenie sta\u0142o si\u0119 jeszcze bardziej wyj\u0105tkowe. Zauwa\u017cyli, jak bardzo nauczyciele byli oddani swojej pracy oraz z jak\u0105 pasj\u0105 i energi\u0105 podchodzili do ka\u017cdej lekcji.<\/p>\n\n\n\n<p>Wolontariusze wspominaj\u0105 prowadzenie warsztat\u00f3w jako jedno z najlepszych i najbardziej satysfakcjonuj\u0105cych zada\u0144, jakie wykonali w ramach projektu.<\/p>\n\n\n\n<hr class=\"wp-block-separator has-alpha-channel-opacity is-style-wide\"\/>\n\n\n\n<figure class=\"wp-block-image size-large\"><img loading=\"lazy\" decoding=\"async\" width=\"1024\" height=\"97\" src=\"https:\/\/unitedinaction.eu\/wp-content\/uploads\/2026\/03\/belka-EKS-1024x97.png\" alt=\"\" class=\"wp-image-3545\" srcset=\"https:\/\/unitedinaction.eu\/wp-content\/uploads\/2026\/03\/belka-EKS-1024x97.png 1024w, https:\/\/unitedinaction.eu\/wp-content\/uploads\/2026\/03\/belka-EKS-300x28.png 300w, https:\/\/unitedinaction.eu\/wp-content\/uploads\/2026\/03\/belka-EKS-768x73.png 768w, https:\/\/unitedinaction.eu\/wp-content\/uploads\/2026\/03\/belka-EKS-1536x146.png 1536w, https:\/\/unitedinaction.eu\/wp-content\/uploads\/2026\/03\/belka-EKS-18x2.png 18w, https:\/\/unitedinaction.eu\/wp-content\/uploads\/2026\/03\/belka-EKS.png 1979w\" sizes=\"auto, (max-width: 1024px) 100vw, 1024px\" \/><\/figure>","protected":false},"excerpt":{"rendered":"<p>The volunteers were responsible for conducting cultural workshops for students in order to present their culture and countries of origin \u2014 France and Romania. During the workshops, they shared stories, traditions, and small details that best represent the places they come from. With each presentation, they became more confident and increasingly excited about the opportunity [&hellip;]<\/p>\n","protected":false},"author":1,"featured_media":3622,"comment_status":"open","ping_status":"open","sticky":false,"template":"","format":"standard","meta":{"footnotes":""},"categories":[32],"tags":[],"class_list":["post-3574","post","type-post","status-publish","format-standard","has-post-thumbnail","hentry","category-news"],"blocksy_meta":[],"yoast_head":"<!-- This site is optimized with the Yoast SEO plugin v27.3 - https:\/\/yoast.com\/product\/yoast-seo-wordpress\/ -->\n<title>Cultural Workshops with Students: Romanian and French - UNITED IN ACTION<\/title>\n<meta name=\"robots\" content=\"noindex, follow\" \/>\n<meta property=\"og:locale\" content=\"pl_PL\" \/>\n<meta property=\"og:type\" content=\"article\" \/>\n<meta property=\"og:title\" content=\"Cultural Workshops with Students: Romanian and French - UNITED IN ACTION\" \/>\n<meta property=\"og:description\" content=\"The volunteers were responsible for conducting cultural workshops for students in order to present their culture and countries of origin \u2014 France and Romania. During the workshops, they shared stories, traditions, and small details that best represent the places they come from. With each presentation, they became more confident and increasingly excited about the opportunity [&hellip;]\" \/>\n<meta property=\"og:url\" content=\"https:\/\/unitedinaction.eu\/pl\/2025\/11\/28\/cultural-workshops-with-students-romanian-and-french\/\" \/>\n<meta property=\"og:site_name\" content=\"UNITED IN ACTION\" \/>\n<meta property=\"article:published_time\" content=\"2025-11-28T03:06:40+00:00\" \/>\n<meta property=\"article:modified_time\" content=\"2026-04-01T20:25:40+00:00\" \/>\n<meta property=\"og:image\" content=\"https:\/\/unitedinaction.eu\/wp-content\/uploads\/2025\/11\/1764679951786blob.jpg\" \/>\n\t<meta property=\"og:image:width\" content=\"638\" \/>\n\t<meta property=\"og:image:height\" content=\"360\" \/>\n\t<meta property=\"og:image:type\" content=\"image\/jpeg\" \/>\n<meta name=\"author\" content=\"kacper\" \/>\n<meta name=\"twitter:card\" content=\"summary_large_image\" \/>\n<meta name=\"twitter:label1\" content=\"Napisane przez\" \/>\n\t<meta name=\"twitter:data1\" content=\"kacper\" \/>\n\t<meta name=\"twitter:label2\" content=\"Szacowany czas czytania\" \/>\n\t<meta name=\"twitter:data2\" content=\"1 minuta\" \/>\n<script type=\"application\/ld+json\" class=\"yoast-schema-graph\">{\"@context\":\"https:\\\/\\\/schema.org\",\"@graph\":[{\"@type\":\"Article\",\"@id\":\"https:\\\/\\\/unitedinaction.eu\\\/2025\\\/11\\\/28\\\/cultural-workshops-with-students-romanian-and-french\\\/#article\",\"isPartOf\":{\"@id\":\"https:\\\/\\\/unitedinaction.eu\\\/2025\\\/11\\\/28\\\/cultural-workshops-with-students-romanian-and-french\\\/\"},\"author\":{\"name\":\"kacper\",\"@id\":\"https:\\\/\\\/unitedinaction.eu\\\/#\\\/schema\\\/person\\\/35c37c710100894fd59b3d2cfc5bd487\"},\"headline\":\"Cultural Workshops with Students: Romanian and French\",\"datePublished\":\"2025-11-28T03:06:40+00:00\",\"dateModified\":\"2026-04-01T20:25:40+00:00\",\"mainEntityOfPage\":{\"@id\":\"https:\\\/\\\/unitedinaction.eu\\\/2025\\\/11\\\/28\\\/cultural-workshops-with-students-romanian-and-french\\\/\"},\"wordCount\":203,\"commentCount\":0,\"publisher\":{\"@id\":\"https:\\\/\\\/unitedinaction.eu\\\/#organization\"},\"image\":{\"@id\":\"https:\\\/\\\/unitedinaction.eu\\\/2025\\\/11\\\/28\\\/cultural-workshops-with-students-romanian-and-french\\\/#primaryimage\"},\"thumbnailUrl\":\"https:\\\/\\\/unitedinaction.eu\\\/wp-content\\\/uploads\\\/2025\\\/11\\\/1764679951786blob.jpg\",\"articleSection\":[\"News\"],\"inLanguage\":\"pl-PL\",\"potentialAction\":[{\"@type\":\"CommentAction\",\"name\":\"Comment\",\"target\":[\"https:\\\/\\\/unitedinaction.eu\\\/2025\\\/11\\\/28\\\/cultural-workshops-with-students-romanian-and-french\\\/#respond\"]}]},{\"@type\":\"WebPage\",\"@id\":\"https:\\\/\\\/unitedinaction.eu\\\/2025\\\/11\\\/28\\\/cultural-workshops-with-students-romanian-and-french\\\/\",\"url\":\"https:\\\/\\\/unitedinaction.eu\\\/2025\\\/11\\\/28\\\/cultural-workshops-with-students-romanian-and-french\\\/\",\"name\":\"Cultural Workshops with Students: Romanian and French - UNITED IN ACTION\",\"isPartOf\":{\"@id\":\"https:\\\/\\\/unitedinaction.eu\\\/#website\"},\"primaryImageOfPage\":{\"@id\":\"https:\\\/\\\/unitedinaction.eu\\\/2025\\\/11\\\/28\\\/cultural-workshops-with-students-romanian-and-french\\\/#primaryimage\"},\"image\":{\"@id\":\"https:\\\/\\\/unitedinaction.eu\\\/2025\\\/11\\\/28\\\/cultural-workshops-with-students-romanian-and-french\\\/#primaryimage\"},\"thumbnailUrl\":\"https:\\\/\\\/unitedinaction.eu\\\/wp-content\\\/uploads\\\/2025\\\/11\\\/1764679951786blob.jpg\",\"datePublished\":\"2025-11-28T03:06:40+00:00\",\"dateModified\":\"2026-04-01T20:25:40+00:00\",\"breadcrumb\":{\"@id\":\"https:\\\/\\\/unitedinaction.eu\\\/2025\\\/11\\\/28\\\/cultural-workshops-with-students-romanian-and-french\\\/#breadcrumb\"},\"inLanguage\":\"pl-PL\",\"potentialAction\":[{\"@type\":\"ReadAction\",\"target\":[\"https:\\\/\\\/unitedinaction.eu\\\/2025\\\/11\\\/28\\\/cultural-workshops-with-students-romanian-and-french\\\/\"]}]},{\"@type\":\"ImageObject\",\"inLanguage\":\"pl-PL\",\"@id\":\"https:\\\/\\\/unitedinaction.eu\\\/2025\\\/11\\\/28\\\/cultural-workshops-with-students-romanian-and-french\\\/#primaryimage\",\"url\":\"https:\\\/\\\/unitedinaction.eu\\\/wp-content\\\/uploads\\\/2025\\\/11\\\/1764679951786blob.jpg\",\"contentUrl\":\"https:\\\/\\\/unitedinaction.eu\\\/wp-content\\\/uploads\\\/2025\\\/11\\\/1764679951786blob.jpg\",\"width\":638,\"height\":360},{\"@type\":\"BreadcrumbList\",\"@id\":\"https:\\\/\\\/unitedinaction.eu\\\/2025\\\/11\\\/28\\\/cultural-workshops-with-students-romanian-and-french\\\/#breadcrumb\",\"itemListElement\":[{\"@type\":\"ListItem\",\"position\":1,\"name\":\"Strona g\u0142\u00f3wna\",\"item\":\"https:\\\/\\\/unitedinaction.eu\\\/\"},{\"@type\":\"ListItem\",\"position\":2,\"name\":\"Cultural Workshops with Students: Romanian and French\"}]},{\"@type\":\"WebSite\",\"@id\":\"https:\\\/\\\/unitedinaction.eu\\\/#website\",\"url\":\"https:\\\/\\\/unitedinaction.eu\\\/\",\"name\":\"UNITED IN ACTION\",\"description\":\"\",\"publisher\":{\"@id\":\"https:\\\/\\\/unitedinaction.eu\\\/#organization\"},\"potentialAction\":[{\"@type\":\"SearchAction\",\"target\":{\"@type\":\"EntryPoint\",\"urlTemplate\":\"https:\\\/\\\/unitedinaction.eu\\\/?s={search_term_string}\"},\"query-input\":{\"@type\":\"PropertyValueSpecification\",\"valueRequired\":true,\"valueName\":\"search_term_string\"}}],\"inLanguage\":\"pl-PL\"},{\"@type\":\"Organization\",\"@id\":\"https:\\\/\\\/unitedinaction.eu\\\/#organization\",\"name\":\"UNITED IN ACTION\",\"url\":\"https:\\\/\\\/unitedinaction.eu\\\/\",\"logo\":{\"@type\":\"ImageObject\",\"inLanguage\":\"pl-PL\",\"@id\":\"https:\\\/\\\/unitedinaction.eu\\\/#\\\/schema\\\/logo\\\/image\\\/\",\"url\":\"https:\\\/\\\/unitedinaction.eu\\\/wp-content\\\/uploads\\\/2026\\\/01\\\/LogoUnitedInAction.png\",\"contentUrl\":\"https:\\\/\\\/unitedinaction.eu\\\/wp-content\\\/uploads\\\/2026\\\/01\\\/LogoUnitedInAction.png\",\"width\":2000,\"height\":800,\"caption\":\"UNITED IN ACTION\"},\"image\":{\"@id\":\"https:\\\/\\\/unitedinaction.eu\\\/#\\\/schema\\\/logo\\\/image\\\/\"}},{\"@type\":\"Person\",\"@id\":\"https:\\\/\\\/unitedinaction.eu\\\/#\\\/schema\\\/person\\\/35c37c710100894fd59b3d2cfc5bd487\",\"name\":\"kacper\",\"image\":{\"@type\":\"ImageObject\",\"inLanguage\":\"pl-PL\",\"@id\":\"https:\\\/\\\/secure.gravatar.com\\\/avatar\\\/e76e9ade2075cb9a4eadb141a50d723f8e687e0e8d4d74bda8a7beca2001c6b3?s=96&d=mm&r=g\",\"url\":\"https:\\\/\\\/secure.gravatar.com\\\/avatar\\\/e76e9ade2075cb9a4eadb141a50d723f8e687e0e8d4d74bda8a7beca2001c6b3?s=96&d=mm&r=g\",\"contentUrl\":\"https:\\\/\\\/secure.gravatar.com\\\/avatar\\\/e76e9ade2075cb9a4eadb141a50d723f8e687e0e8d4d74bda8a7beca2001c6b3?s=96&d=mm&r=g\",\"caption\":\"kacper\"},\"sameAs\":[\"https:\\\/\\\/darkslategray-grasshopper-506783.hostingersite.com\"],\"url\":\"https:\\\/\\\/unitedinaction.eu\\\/pl\\\/author\\\/kacper\\\/\"}]}<\/script>\n<!-- \/ Yoast SEO plugin. -->","yoast_head_json":{"title":"Cultural Workshops with Students: Romanian and French - UNITED IN ACTION","robots":{"index":"noindex","follow":"follow"},"og_locale":"pl_PL","og_type":"article","og_title":"Cultural Workshops with Students: Romanian and French - UNITED IN ACTION","og_description":"The volunteers were responsible for conducting cultural workshops for students in order to present their culture and countries of origin \u2014 France and Romania. During the workshops, they shared stories, traditions, and small details that best represent the places they come from. With each presentation, they became more confident and increasingly excited about the opportunity [&hellip;]","og_url":"https:\/\/unitedinaction.eu\/pl\/2025\/11\/28\/cultural-workshops-with-students-romanian-and-french\/","og_site_name":"UNITED IN ACTION","article_published_time":"2025-11-28T03:06:40+00:00","article_modified_time":"2026-04-01T20:25:40+00:00","og_image":[{"width":638,"height":360,"url":"https:\/\/unitedinaction.eu\/wp-content\/uploads\/2025\/11\/1764679951786blob.jpg","type":"image\/jpeg"}],"author":"kacper","twitter_card":"summary_large_image","twitter_misc":{"Napisane przez":"kacper","Szacowany czas czytania":"1 minuta"},"schema":{"@context":"https:\/\/schema.org","@graph":[{"@type":"Article","@id":"https:\/\/unitedinaction.eu\/2025\/11\/28\/cultural-workshops-with-students-romanian-and-french\/#article","isPartOf":{"@id":"https:\/\/unitedinaction.eu\/2025\/11\/28\/cultural-workshops-with-students-romanian-and-french\/"},"author":{"name":"kacper","@id":"https:\/\/unitedinaction.eu\/#\/schema\/person\/35c37c710100894fd59b3d2cfc5bd487"},"headline":"Cultural Workshops with Students: Romanian and French","datePublished":"2025-11-28T03:06:40+00:00","dateModified":"2026-04-01T20:25:40+00:00","mainEntityOfPage":{"@id":"https:\/\/unitedinaction.eu\/2025\/11\/28\/cultural-workshops-with-students-romanian-and-french\/"},"wordCount":203,"commentCount":0,"publisher":{"@id":"https:\/\/unitedinaction.eu\/#organization"},"image":{"@id":"https:\/\/unitedinaction.eu\/2025\/11\/28\/cultural-workshops-with-students-romanian-and-french\/#primaryimage"},"thumbnailUrl":"https:\/\/unitedinaction.eu\/wp-content\/uploads\/2025\/11\/1764679951786blob.jpg","articleSection":["News"],"inLanguage":"pl-PL","potentialAction":[{"@type":"CommentAction","name":"Comment","target":["https:\/\/unitedinaction.eu\/2025\/11\/28\/cultural-workshops-with-students-romanian-and-french\/#respond"]}]},{"@type":"WebPage","@id":"https:\/\/unitedinaction.eu\/2025\/11\/28\/cultural-workshops-with-students-romanian-and-french\/","url":"https:\/\/unitedinaction.eu\/2025\/11\/28\/cultural-workshops-with-students-romanian-and-french\/","name":"Cultural Workshops with Students: Romanian and French - UNITED IN ACTION","isPartOf":{"@id":"https:\/\/unitedinaction.eu\/#website"},"primaryImageOfPage":{"@id":"https:\/\/unitedinaction.eu\/2025\/11\/28\/cultural-workshops-with-students-romanian-and-french\/#primaryimage"},"image":{"@id":"https:\/\/unitedinaction.eu\/2025\/11\/28\/cultural-workshops-with-students-romanian-and-french\/#primaryimage"},"thumbnailUrl":"https:\/\/unitedinaction.eu\/wp-content\/uploads\/2025\/11\/1764679951786blob.jpg","datePublished":"2025-11-28T03:06:40+00:00","dateModified":"2026-04-01T20:25:40+00:00","breadcrumb":{"@id":"https:\/\/unitedinaction.eu\/2025\/11\/28\/cultural-workshops-with-students-romanian-and-french\/#breadcrumb"},"inLanguage":"pl-PL","potentialAction":[{"@type":"ReadAction","target":["https:\/\/unitedinaction.eu\/2025\/11\/28\/cultural-workshops-with-students-romanian-and-french\/"]}]},{"@type":"ImageObject","inLanguage":"pl-PL","@id":"https:\/\/unitedinaction.eu\/2025\/11\/28\/cultural-workshops-with-students-romanian-and-french\/#primaryimage","url":"https:\/\/unitedinaction.eu\/wp-content\/uploads\/2025\/11\/1764679951786blob.jpg","contentUrl":"https:\/\/unitedinaction.eu\/wp-content\/uploads\/2025\/11\/1764679951786blob.jpg","width":638,"height":360},{"@type":"BreadcrumbList","@id":"https:\/\/unitedinaction.eu\/2025\/11\/28\/cultural-workshops-with-students-romanian-and-french\/#breadcrumb","itemListElement":[{"@type":"ListItem","position":1,"name":"Strona g\u0142\u00f3wna","item":"https:\/\/unitedinaction.eu\/"},{"@type":"ListItem","position":2,"name":"Cultural Workshops with Students: Romanian and French"}]},{"@type":"WebSite","@id":"https:\/\/unitedinaction.eu\/#website","url":"https:\/\/unitedinaction.eu\/","name":"UNITED IN ACTION","description":"","publisher":{"@id":"https:\/\/unitedinaction.eu\/#organization"},"potentialAction":[{"@type":"SearchAction","target":{"@type":"EntryPoint","urlTemplate":"https:\/\/unitedinaction.eu\/?s={search_term_string}"},"query-input":{"@type":"PropertyValueSpecification","valueRequired":true,"valueName":"search_term_string"}}],"inLanguage":"pl-PL"},{"@type":"Organization","@id":"https:\/\/unitedinaction.eu\/#organization","name":"UNITED IN ACTION","url":"https:\/\/unitedinaction.eu\/","logo":{"@type":"ImageObject","inLanguage":"pl-PL","@id":"https:\/\/unitedinaction.eu\/#\/schema\/logo\/image\/","url":"https:\/\/unitedinaction.eu\/wp-content\/uploads\/2026\/01\/LogoUnitedInAction.png","contentUrl":"https:\/\/unitedinaction.eu\/wp-content\/uploads\/2026\/01\/LogoUnitedInAction.png","width":2000,"height":800,"caption":"UNITED IN ACTION"},"image":{"@id":"https:\/\/unitedinaction.eu\/#\/schema\/logo\/image\/"}},{"@type":"Person","@id":"https:\/\/unitedinaction.eu\/#\/schema\/person\/35c37c710100894fd59b3d2cfc5bd487","name":"kacper","image":{"@type":"ImageObject","inLanguage":"pl-PL","@id":"https:\/\/secure.gravatar.com\/avatar\/e76e9ade2075cb9a4eadb141a50d723f8e687e0e8d4d74bda8a7beca2001c6b3?s=96&d=mm&r=g","url":"https:\/\/secure.gravatar.com\/avatar\/e76e9ade2075cb9a4eadb141a50d723f8e687e0e8d4d74bda8a7beca2001c6b3?s=96&d=mm&r=g","contentUrl":"https:\/\/secure.gravatar.com\/avatar\/e76e9ade2075cb9a4eadb141a50d723f8e687e0e8d4d74bda8a7beca2001c6b3?s=96&d=mm&r=g","caption":"kacper"},"sameAs":["https:\/\/darkslategray-grasshopper-506783.hostingersite.com"],"url":"https:\/\/unitedinaction.eu\/pl\/author\/kacper\/"}]}},"_links":{"self":[{"href":"https:\/\/unitedinaction.eu\/pl\/wp-json\/wp\/v2\/posts\/3574","targetHints":{"allow":["GET"]}}],"collection":[{"href":"https:\/\/unitedinaction.eu\/pl\/wp-json\/wp\/v2\/posts"}],"about":[{"href":"https:\/\/unitedinaction.eu\/pl\/wp-json\/wp\/v2\/types\/post"}],"author":[{"embeddable":true,"href":"https:\/\/unitedinaction.eu\/pl\/wp-json\/wp\/v2\/users\/1"}],"replies":[{"embeddable":true,"href":"https:\/\/unitedinaction.eu\/pl\/wp-json\/wp\/v2\/comments?post=3574"}],"version-history":[{"count":3,"href":"https:\/\/unitedinaction.eu\/pl\/wp-json\/wp\/v2\/posts\/3574\/revisions"}],"predecessor-version":[{"id":3833,"href":"https:\/\/unitedinaction.eu\/pl\/wp-json\/wp\/v2\/posts\/3574\/revisions\/3833"}],"wp:featuredmedia":[{"embeddable":true,"href":"https:\/\/unitedinaction.eu\/pl\/wp-json\/wp\/v2\/media\/3622"}],"wp:attachment":[{"href":"https:\/\/unitedinaction.eu\/pl\/wp-json\/wp\/v2\/media?parent=3574"}],"wp:term":[{"taxonomy":"category","embeddable":true,"href":"https:\/\/unitedinaction.eu\/pl\/wp-json\/wp\/v2\/categories?post=3574"},{"taxonomy":"post_tag","embeddable":true,"href":"https:\/\/unitedinaction.eu\/pl\/wp-json\/wp\/v2\/tags?post=3574"}],"curies":[{"name":"wp","href":"https:\/\/api.w.org\/{rel}","templated":true}]}}